{"id":249,"date":"2018-09-15T17:50:00","date_gmt":"2018-09-15T15:50:00","guid":{"rendered":"https:\/\/makvellkab.net\/blog\/?p=249"},"modified":"2019-01-25T13:58:47","modified_gmt":"2019-01-25T12:58:47","slug":"ca-avance-du-cote-de-questra","status":"publish","type":"post","link":"https:\/\/makvellkab.net\/blog\/2018\/09\/15\/ca-avance-du-cote-de-questra\/","title":{"rendered":"\u00c7a avance du c\u00f4t\u00e9 de Questra"},"content":{"rendered":"<p style=\"text-align: center;\">Les choses bougent :<\/p>\n<p>Au sein de la fintech, on travaille sur les sites en ce moment(ce qui expliquerait les coupures r\u00e9guli\u00e8res) et c\u00f4t\u00e9 Questra \u00e7a bouge aussi : cf. le document joint avec une mise \u00e0 jour en date du 8 septembre 2018. (einforma.com)<\/p>\n<p style=\"text-align: center;\"><img loading=\"lazy\" decoding=\"async\" class=\" wp-image-250 aligncenter\" src=\"https:\/\/makvellkab.net\/blog\/wp-content\/uploads\/2018\/09\/doc-300x265.jpg\" alt=\"\" width=\"370\" height=\"327\" srcset=\"https:\/\/makvellkab.net\/blog\/wp-content\/uploads\/2018\/09\/doc-300x265.jpg 300w, https:\/\/makvellkab.net\/blog\/wp-content\/uploads\/2018\/09\/doc-600x529.jpg 600w, https:\/\/makvellkab.net\/blog\/wp-content\/uploads\/2018\/09\/doc-768x678.jpg 768w, https:\/\/makvellkab.net\/blog\/wp-content\/uploads\/2018\/09\/doc.jpg 960w\" sizes=\"auto, (max-width: 370px) 100vw, 370px\" \/><br \/>\nvoici le lien :<\/p>\n<p><a href=\"https:\/\/www.einforma.com\/servlet\/app\/prod\/ETIQUETA_EMPRESA\/nif\/wZe67dXqqSaCb9FWoNZhnw\" target=\"_blank\" rel=\"nofollow noopener\" data-lynx-mode=\"asynclazy\" data-lynx-uri=\"https:\/\/l.facebook.com\/l.php?u=https%3A%2F%2Fwww.einforma.com%2Fservlet%2Fapp%2Fprod%2FETIQUETA_EMPRESA%2Fnif%2FwZe67dXqqSaCb9FWoNZhnw&amp;h=AT3b5AeGAhKw-lbJ1DcoU0Tv32WHuPo4id2VaPNTtPVrywdZaHQqz-S-Czqht2fpSYSXzctZXOBas7tPNHMLhQLBOKKiYUPaApuJ6ZEEAZAOtwYyZpcZ76stl9GHvpFJbeWK9z4\">https:\/\/www.einforma.com\/<wbr \/>servlet\/app\/prod\/<wbr \/>ETIQUETA_EMPRESA\/nif\/<wbr \/>wZe67dXqqSaCb9FWoNZhnw<\/a><\/p>\n","protected":false},"excerpt":{"rendered":"<p>Les choses bougent : Au sein de la fintech, on travaille sur les sites en ce moment(ce qui expliquerait les coupures r\u00e9guli\u00e8res) et c\u00f4t\u00e9 Questra \u00e7a bouge aussi : cf. le document joint avec une mise \u00e0 jour en date du 8 septembre 2018. (einforma.com) voici le lien : https:\/\/www.einforma.com\/servlet\/app\/prod\/ETIQUETA_EMPRESA\/nif\/wZe67dXqqSaCb9FWoNZhnw<\/p>\n","protected":false},"author":1,"featured_media":178,"comment_status":"open","ping_status":"open","sticky":false,"template":"","format":"standard","meta":{"_jetpack_memberships_contains_paid_content":false,"footnotes":""},"categories":[7],"tags":[],"class_list":["post-249","post","type-post","status-publish","format-standard","has-post-thumbnail","hentry","category-five-winds"],"yoast_head":"<!-- This site is optimized with the Yoast SEO plugin v27.5 - https:\/\/yoast.com\/product\/yoast-seo-wordpress\/ -->\n<title>\u00c7a avance du c\u00f4t\u00e9 de Questra - mkvblog<\/title>\n<meta name=\"robots\" content=\"index, follow, max-snippet:-1, max-image-preview:large, max-video-preview:-1\" \/>\n<link rel=\"canonical\" href=\"https:\/\/makvellkab.net\/blog\/2018\/09\/15\/ca-avance-du-cote-de-questra\/\" \/>\n<script type=\"application\/ld+json\" class=\"yoast-schema-graph\">{\"@context\":\"https:\\\/\\\/schema.org\",\"@graph\":[{\"@type\":\"BreadcrumbList\",\"@id\":\"https:\\\/\\\/makvellkab.net\\\/blog\\\/2018\\\/09\\\/15\\\/ca-avance-du-cote-de-questra\\\/#breadcrumb\",\"itemListElement\":[{\"@type\":\"ListItem\",\"position\":1,\"name\":\"Accueil\",\"item\":\"https:\\\/\\\/makvellkab.net\\\/blog\\\/\"},{\"@type\":\"ListItem\",\"position\":2,\"name\":\"\u00c7a avance du c\u00f4t\u00e9 de Questra\"}]}]}<\/script>\n<!-- \/ Yoast SEO plugin. -->","yoast_head_json":{"title":"\u00c7a avance du c\u00f4t\u00e9 de Questra - mkvblog","robots":{"index":"index","follow":"follow","max-snippet":"max-snippet:-1","max-image-preview":"max-image-preview:large","max-video-preview":"max-video-preview:-1"},"canonical":"https:\/\/makvellkab.net\/blog\/2018\/09\/15\/ca-avance-du-cote-de-questra\/","schema":{"@context":"https:\/\/schema.org","@graph":[{"@type":"BreadcrumbList","@id":"https:\/\/makvellkab.net\/blog\/2018\/09\/15\/ca-avance-du-cote-de-questra\/#breadcrumb","itemListElement":[{"@type":"ListItem","position":1,"name":"Accueil","item":"https:\/\/makvellkab.net\/blog\/"},{"@type":"ListItem","position":2,"name":"\u00c7a avance du c\u00f4t\u00e9 de Questra"}]}]}},"jetpack_featured_media_url":"https:\/\/makvellkab.net\/blog\/wp-content\/uploads\/2017\/12\/fw2.jpg","jetpack_sharing_enabled":true,"_links":{"self":[{"href":"https:\/\/makvellkab.net\/blog\/wp-json\/wp\/v2\/posts\/249","targetHints":{"allow":["GET"]}}],"collection":[{"href":"https:\/\/makvellkab.net\/blog\/wp-json\/wp\/v2\/posts"}],"about":[{"href":"https:\/\/makvellkab.net\/blog\/wp-json\/wp\/v2\/types\/post"}],"author":[{"embeddable":true,"href":"https:\/\/makvellkab.net\/blog\/wp-json\/wp\/v2\/users\/1"}],"replies":[{"embeddable":true,"href":"https:\/\/makvellkab.net\/blog\/wp-json\/wp\/v2\/comments?post=249"}],"version-history":[{"count":2,"href":"https:\/\/makvellkab.net\/blog\/wp-json\/wp\/v2\/posts\/249\/revisions"}],"predecessor-version":[{"id":255,"href":"https:\/\/makvellkab.net\/blog\/wp-json\/wp\/v2\/posts\/249\/revisions\/255"}],"wp:featuredmedia":[{"embeddable":true,"href":"https:\/\/makvellkab.net\/blog\/wp-json\/wp\/v2\/media\/178"}],"wp:attachment":[{"href":"https:\/\/makvellkab.net\/blog\/wp-json\/wp\/v2\/media?parent=249"}],"wp:term":[{"taxonomy":"category","embeddable":true,"href":"https:\/\/makvellkab.net\/blog\/wp-json\/wp\/v2\/categories?post=249"},{"taxonomy":"post_tag","embeddable":true,"href":"https:\/\/makvellkab.net\/blog\/wp-json\/wp\/v2\/tags?post=249"}],"curies":[{"name":"wp","href":"https:\/\/api.w.org\/{rel}","templated":true}]}}